{"id":2130,"date":"2025-12-03T01:02:54","date_gmt":"2025-12-03T01:02:54","guid":{"rendered":"https:\/\/neurofeedback-ifen.com\/blog\/?p=2130"},"modified":"2025-11-28T13:51:41","modified_gmt":"2025-11-28T13:51:41","slug":"neurofeedback-und-behinderung-wie-neuroregulation-menschen-mit-entwicklungs-lern-und-koerperlichen-einschraenkungen-unterstuetzt","status":"publish","type":"post","link":"https:\/\/neurofeedback-ifen.com\/blog\/neurofeedback-und-behinderung-wie-neuroregulation-menschen-mit-entwicklungs-lern-und-koerperlichen-einschraenkungen-unterstuetzt","title":{"rendered":"Internationaler Tag der Menschen mit Behinderung &#8211; Neurofeedback als Weg zu besserer Selbstregulation und Teilhabe"},"content":{"rendered":"<p><span style=\"font-weight: 400;\">Seit \u00fcber drei Jahrzehnten arbeite ich mit EEG-Analysen, qEEGs und Neurofeedback. In dieser Zeit durfte ich miterleben, wie Menschen mit sehr unterschiedlichen F\u00e4higkeiten und Herausforderungen durch bessere Selbstregulation mehr Stabilit\u00e4t, Klarheit und Lebensqualit\u00e4t erfahren.<\/span><\/p>\n<p><span style=\"font-weight: 400;\">Am Internationalen Tag der Menschen mit Behinderung m\u00f6chte ich aufzeigen, welchen Beitrag Neurofeedback f\u00fcr viele Betroffene leisten kann \u2013 respektvoll, wissenschaftlich fundiert und mit realistischen Erwartungen.<\/span><\/p>\n<div id=\"ez-toc-container\" class=\"ez-toc-v2_0_75 counter-hierarchy ez-toc-counter ez-toc-grey ez-toc-container-direction\">\n<div class=\"ez-toc-title-container\">\n<p class=\"ez-toc-title\" style=\"cursor:inherit\">Inhaltsverzeichnis<\/p>\n<span class=\"ez-toc-title-toggle\"><a href=\"#\" class=\"ez-toc-pull-right ez-toc-btn ez-toc-btn-xs ez-toc-btn-default ez-toc-toggle\" aria-label=\"Toggle Table of Content\"><span class=\"ez-toc-js-icon-con\"><span class=\"\"><span class=\"eztoc-hide\" style=\"display:none;\">Toggle<\/span><span class=\"ez-toc-icon-toggle-span\"><svg style=\"fill: #999;color:#999\" xmlns=\"http:\/\/www.w3.org\/2000\/svg\" class=\"list-377408\" width=\"20px\" height=\"20px\" viewBox=\"0 0 24 24\" fill=\"none\"><path d=\"M6 6H4v2h2V6zm14 0H8v2h12V6zM4 11h2v2H4v-2zm16 0H8v2h12v-2zM4 16h2v2H4v-2zm16 0H8v2h12v-2z\" fill=\"currentColor\"><\/path><\/svg><svg style=\"fill: #999;color:#999\" class=\"arrow-unsorted-368013\" xmlns=\"http:\/\/www.w3.org\/2000\/svg\" width=\"10px\" height=\"10px\" viewBox=\"0 0 24 24\" version=\"1.2\" baseProfile=\"tiny\"><path d=\"M18.2 9.3l-6.2-6.3-6.2 6.3c-.2.2-.3.4-.3.7s.1.5.3.7c.2.2.4.3.7.3h11c.3 0 .5-.1.7-.3.2-.2.3-.5.3-.7s-.1-.5-.3-.7zM5.8 14.7l6.2 6.3 6.2-6.3c.2-.2.3-.5.3-.7s-.1-.5-.3-.7c-.2-.2-.4-.3-.7-.3h-11c-.3 0-.5.1-.7.3-.2.2-.3.5-.3.7s.1.5.3.7z\"\/><\/svg><\/span><\/span><\/span><\/a><\/span><\/div>\n<nav><ul class='ez-toc-list ez-toc-list-level-1 ' ><li class='ez-toc-page-1 ez-toc-heading-level-3'><a class=\"ez-toc-link ez-toc-heading-1\" href=\"https:\/\/neurofeedback-ifen.com\/blog\/neurofeedback-und-behinderung-wie-neuroregulation-menschen-mit-entwicklungs-lern-und-koerperlichen-einschraenkungen-unterstuetzt\/#Entwicklungsbedingte_Behinderungen\" >Entwicklungsbedingte Behinderungen<\/a><\/li><li class='ez-toc-page-1 ez-toc-heading-level-3'><a class=\"ez-toc-link ez-toc-heading-2\" href=\"https:\/\/neurofeedback-ifen.com\/blog\/neurofeedback-und-behinderung-wie-neuroregulation-menschen-mit-entwicklungs-lern-und-koerperlichen-einschraenkungen-unterstuetzt\/#Lernbehinderungen\" >Lernbehinderungen<\/a><\/li><li class='ez-toc-page-1 ez-toc-heading-level-3'><a class=\"ez-toc-link ez-toc-heading-3\" href=\"https:\/\/neurofeedback-ifen.com\/blog\/neurofeedback-und-behinderung-wie-neuroregulation-menschen-mit-entwicklungs-lern-und-koerperlichen-einschraenkungen-unterstuetzt\/#Koerperliche_Behinderungen\" >K\u00f6rperliche Behinderungen<\/a><\/li><li class='ez-toc-page-1 ez-toc-heading-level-3'><a class=\"ez-toc-link ez-toc-heading-4\" href=\"https:\/\/neurofeedback-ifen.com\/blog\/neurofeedback-und-behinderung-wie-neuroregulation-menschen-mit-entwicklungs-lern-und-koerperlichen-einschraenkungen-unterstuetzt\/#Erworbene_Hirnverletzungen_ABITBI\" >Erworbene Hirnverletzungen (ABI\/TBI)<\/a><\/li><li class='ez-toc-page-1 ez-toc-heading-level-3'><a class=\"ez-toc-link ez-toc-heading-5\" href=\"https:\/\/neurofeedback-ifen.com\/blog\/neurofeedback-und-behinderung-wie-neuroregulation-menschen-mit-entwicklungs-lern-und-koerperlichen-einschraenkungen-unterstuetzt\/#Psychische_Belastungen_als_Begleiter\" >Psychische Belastungen als Begleiter<\/a><\/li><li class='ez-toc-page-1 ez-toc-heading-level-3'><a class=\"ez-toc-link ez-toc-heading-6\" href=\"https:\/\/neurofeedback-ifen.com\/blog\/neurofeedback-und-behinderung-wie-neuroregulation-menschen-mit-entwicklungs-lern-und-koerperlichen-einschraenkungen-unterstuetzt\/#Ein_individueller_und_realistischer_Ansatz\" >Ein individueller und realistischer Ansatz<\/a><\/li><li class='ez-toc-page-1 ez-toc-heading-level-3'><a class=\"ez-toc-link ez-toc-heading-7\" href=\"https:\/\/neurofeedback-ifen.com\/blog\/neurofeedback-und-behinderung-wie-neuroregulation-menschen-mit-entwicklungs-lern-und-koerperlichen-einschraenkungen-unterstuetzt\/#Ein_persoenliches_Wort\" >Ein pers\u00f6nliches Wort<\/a><\/li><li class='ez-toc-page-1 ez-toc-heading-level-3'><a class=\"ez-toc-link ez-toc-heading-8\" href=\"https:\/\/neurofeedback-ifen.com\/blog\/neurofeedback-und-behinderung-wie-neuroregulation-menschen-mit-entwicklungs-lern-und-koerperlichen-einschraenkungen-unterstuetzt\/#Weiterfuehrende_Schritte\" >Weiterf\u00fchrende Schritte<\/a><\/li><\/ul><\/nav><\/div>\n<h3><span class=\"ez-toc-section\" id=\"Entwicklungsbedingte_Behinderungen\"><\/span><b>Entwicklungsbedingte Behinderungen<\/b><span class=\"ez-toc-section-end\"><\/span><\/h3>\n<p><span style=\"font-weight: 400;\">Autismus-Spektrum-St\u00f6rungen oder intellektuelle Entwicklungsst\u00f6rungen gehen oft mit Reiz\u00fcberflutung, Unruhe, Aufmerksamkeitsproblemen und Schwierigkeiten in der sozialen Interaktion einher.<\/span><\/p>\n<p><span style=\"font-weight: 400;\">Neurofeedback kann helfen, <\/span><b>\u00dcbererregung zu reduzieren<\/b><span style=\"font-weight: 400;\"> und stabilere Gehirnrhythmen zu f\u00f6rdern, etwa durch SMR- oder Alpha-Training.<\/span><span style=\"font-weight: 400;\"><br \/>\n<\/span><span style=\"font-weight: 400;\"> Viele Familien berichten, dass ihr Alltag dadurch ruhiger, vorhersehbarer und emotional ausgeglichener wird.<\/span><\/p>\n<p><span style=\"font-weight: 400;\">Diese Verbesserungen sind oft klein, aber f\u00fcr die Betroffenen bedeutsam.<\/span><\/p>\n<h3><span class=\"ez-toc-section\" id=\"Lernbehinderungen\"><\/span><b>Lernbehinderungen<\/b><span class=\"ez-toc-section-end\"><\/span><\/h3>\n<p><span style=\"font-weight: 400;\">Bei ADHS, Dyslexie oder Dyskalkulie spielen Aufmerksamkeit, Impulskontrolle und Verarbeitungsgeschwindigkeit eine zentrale Rolle.<\/span><\/p>\n<p><span style=\"font-weight: 400;\">Neurofeedback unterst\u00fctzt das Gehirn dabei, <\/span><b>effizientere Aktivit\u00e4tsmuster<\/b><span style=\"font-weight: 400;\"> zu entwickeln.<\/span><span style=\"font-weight: 400;\"><br \/>\n<\/span><span style=\"font-weight: 400;\"> F\u00fcr ADHS ist die Datenlage solide, und viele Kinder wie Erwachsene berichten von besserer Konzentration und geringerem Stresslevel.<\/span><\/p>\n<p><span style=\"font-weight: 400;\">Auch im Bereich der sprachbezogenen Lernst\u00f6rungen gibt es vielversprechende Entwicklungen, die wir seit Jahren aufmerksam begleiten.<\/span><\/p>\n<h3><span class=\"ez-toc-section\" id=\"Koerperliche_Behinderungen\"><\/span><b>K\u00f6rperliche Behinderungen<\/b><span class=\"ez-toc-section-end\"><\/span><\/h3>\n<p><span style=\"font-weight: 400;\">Bei Cerebralparese, nach Schlaganfall oder bei motorischen Einschr\u00e4nkungen muss das Gehirn h\u00e4ufig unter erschwerten Bedingungen arbeiten.<\/span><\/p>\n<p><span style=\"font-weight: 400;\">Hier kann Neurofeedback helfen, <\/span><b>motorische Netzwerke zu stabilisieren<\/b><span style=\"font-weight: 400;\">, Muskeltonus besser zu regulieren oder chronische Schmerzen zu reduzieren.<\/span><span style=\"font-weight: 400;\"><br \/>\n<\/span><span style=\"font-weight: 400;\"> Die Forschung w\u00e4chst, aber erste Ergebnisse und unsere eigenen Beobachtungen zeigen, dass gezielte Trainingsprogramme sp\u00fcrbare Entlastung bringen k\u00f6nnen.<\/span><\/p>\n<h3><span class=\"ez-toc-section\" id=\"Erworbene_Hirnverletzungen_ABITBI\"><\/span><b>Erworbene Hirnverletzungen (ABI\/TBI)<\/b><span class=\"ez-toc-section-end\"><\/span><\/h3>\n<p><span style=\"font-weight: 400;\">Nach Gehirnersch\u00fctterungen oder traumatischen Hirnverletzungen leiden viele Menschen unter M\u00fcdigkeit, Konzentrationsproblemen, Reizbarkeit oder Schlafst\u00f6rungen.<\/span><\/p>\n<p><span style=\"font-weight: 400;\">Ein qEEG kann helfen, individuelle Dysregulationmuster sichtbar zu machen.<\/span><span style=\"font-weight: 400;\"><br \/>\n<\/span><span style=\"font-weight: 400;\"> Mit gezieltem Training berichten Betroffene h\u00e4ufig von klarerer kognitiver Funktion, emotionaler Stabilit\u00e4t und einer deutlichen Reduktion postkonkussiver Symptome.<\/span><\/p>\n<h3><span class=\"ez-toc-section\" id=\"Psychische_Belastungen_als_Begleiter\"><\/span><b>Psychische Belastungen als Begleiter<\/b><span class=\"ez-toc-section-end\"><\/span><\/h3>\n<p><span style=\"font-weight: 400;\">Angst, Depression, Schlafprobleme und emotionale Instabilit\u00e4t treten h\u00e4ufig zus\u00e4tzlich auf \u2013 unabh\u00e4ngig von der Art der Behinderung.<\/span><\/p>\n<p><span style=\"font-weight: 400;\">Neurofeedback kann diese Zust\u00e4nde regulieren, indem es jene Netzwerke st\u00e4rkt, die f\u00fcr emotionale Balance verantwortlich sind.<\/span><span style=\"font-weight: 400;\"><br \/>\n<\/span><span style=\"font-weight: 400;\"> F\u00fcr viele Betroffene bedeutet das ein St\u00fcck mehr Sicherheit im Alltag.<\/span><\/p>\n<h3><span class=\"ez-toc-section\" id=\"Ein_individueller_und_realistischer_Ansatz\"><\/span><b>Ein individueller und realistischer Ansatz<\/b><span class=\"ez-toc-section-end\"><\/span><\/h3>\n<p><span style=\"font-weight: 400;\">Neurofeedback ist <\/span><b>kein Allheilmittel<\/b><span style=\"font-weight: 400;\"> und ersetzt keine medizinische Behandlung.<\/span><span style=\"font-weight: 400;\"><br \/>\n<\/span><span style=\"font-weight: 400;\"> Es entfaltet seine gr\u00f6\u00dfte Wirkung, wenn es in ein <\/span><b>multimodales Therapiekonzept <\/b><span style=\"font-weight: 400;\">eingebettet ist \u2013 etwa Physio-, Ergo-, Sprachtherapie oder Psychotherapie.<\/span><\/p>\n<p><span style=\"font-weight: 400;\">Als Therapeut:innen und Trainer:innen haben wir die Aufgabe, diesen Prozess professionell, pr\u00e4zise und realistisch zu begleiten.<\/span><\/p>\n<h3><span class=\"ez-toc-section\" id=\"Ein_persoenliches_Wort\"><\/span><b>Ein pers\u00f6nliches Wort<\/b><span class=\"ez-toc-section-end\"><\/span><\/h3>\n<p><span style=\"font-weight: 400;\">Neurofeedback ist die Geschichte der kleinen Schritte. Es f\u00e4ngt leise an \u2013 ein ruhigerer Blick, weniger Reiz\u00fcberflutung, etwas mehr Fokus. Und dann sehen wir, wie diese winzigen Signale sich summieren. Pl\u00f6tzlich entsteht ein neues Gleichgewicht, Menschen schlafen besser, k\u00f6nnen sich besser steuern, f\u00fchlen sich wieder mehr wie sie selbst. Aus kleinen Impulsen entstehen Entwicklungen, die man am Anfang kaum f\u00fcr m\u00f6glich gehalten h\u00e4tte.<\/span><\/p>\n<p><span style=\"font-weight: 400;\">Neurofeedback zeigt uns, wie gro\u00df die Kraft des Gehirns zur Ver\u00e4nderung ist, wenn wir es richtig unterst\u00fctzen.<\/span><\/p>\n<h3><span class=\"ez-toc-section\" id=\"Weiterfuehrende_Schritte\"><\/span><b>Weiterf\u00fchrende Schritte<\/b><span class=\"ez-toc-section-end\"><\/span><\/h3>\n<p>Entdecken Sie unsere Ausbildungen und Fachkurse am IFEN \u2013 entwickelt f\u00fcr Therapeut:innen, \u00c4rzt:innen, P\u00e4dagog:innen und Fachpersonen, die Neurofeedback sicher, fundiert und wirksam anwenden m\u00f6chten.<\/p>\n<p><b>Weitere Informationen zu den IFEN-Weiterbildungen:<\/b><b><br \/>\n<\/b><span style=\"font-weight: 400;\"> \ud83d\udc49 <\/span><a href=\"http:\/\/neurofeedback-info.de\"><b>neurofeedback-info.de<\/b><\/a><\/p>\n","protected":false},"excerpt":{"rendered":"<p>Seit \u00fcber drei Jahrzehnten arbeite ich mit EEG-Analysen, qEEGs und Neurofeedback. In dieser Zeit durfte ich miterleben, wie Menschen mit sehr unterschiedlichen F\u00e4higkeiten und Herausforderungen durch bessere Selbstregulation mehr Stabilit\u00e4t, Klarheit und Lebensqualit\u00e4t erfahren. Am Internationalen Tag der Menschen mit [&hellip;]<\/p>\n","protected":false},"author":4,"featured_media":2132,"comment_status":"closed","ping_status":"open","sticky":false,"template":"","format":"standard","meta":{"site-sidebar-layout":"default","site-content-layout":"","ast-site-content-layout":"default","site-content-style":"default","site-sidebar-style":"default","ast-global-header-display":"","ast-banner-title-visibility":"","ast-main-header-display":"","ast-hfb-above-header-display":"","ast-hfb-below-header-display":"","ast-hfb-mobile-header-display":"","site-post-title":"","ast-breadcrumbs-content":"","ast-featured-img":"","footer-sml-layout":"","ast-disable-related-posts":"","theme-transparent-header-meta":"default","adv-header-id-meta":"","stick-header-meta":"","header-above-stick-meta":"","header-main-stick-meta":"","header-below-stick-meta":"","astra-migrate-meta-layouts":"set","ast-page-background-enabled":"default","ast-page-background-meta":{"desktop":{"background-color":"var(--ast-global-color-4)","background-image":"","background-repeat":"repeat","background-position":"center center","background-size":"auto","background-attachment":"scroll","background-type":"","background-media":"","overlay-type":"","overlay-color":"","overlay-opacity":"","overlay-gradient":""},"tablet":{"background-color":"","background-image":"","background-repeat":"repeat","background-position":"center center","background-size":"auto","background-attachment":"scroll","background-type":"","background-media":"","overlay-type":"","overlay-color":"","overlay-opacity":"","overlay-gradient":""},"mobile":{"background-color":"","background-image":"","background-repeat":"repeat","background-position":"center center","background-size":"auto","background-attachment":"scroll","background-type":"","background-media":"","overlay-type":"","overlay-color":"","overlay-opacity":"","overlay-gradient":""}},"ast-content-background-meta":{"desktop":{"background-color":"var(--ast-global-color-5)","background-image":"","background-repeat":"repeat","background-position":"center center","background-size":"auto","background-attachment":"scroll","background-type":"","background-media":"","overlay-type":"","overlay-color":"","overlay-opacity":"","overlay-gradient":""},"tablet":{"background-color":"var(--ast-global-color-5)","background-image":"","background-repeat":"repeat","background-position":"center center","background-size":"auto","background-attachment":"scroll","background-type":"","background-media":"","overlay-type":"","overlay-color":"","overlay-opacity":"","overlay-gradient":""},"mobile":{"background-color":"var(--ast-global-color-5)","background-image":"","background-repeat":"repeat","background-position":"center center","background-size":"auto","background-attachment":"scroll","background-type":"","background-media":"","overlay-type":"","overlay-color":"","overlay-opacity":"","overlay-gradient":""}},"footnotes":""},"categories":[10,8],"tags":[37,36,31,39,34,38,41,35,30,40,32,33],"class_list":["post-2130","post","type-post","status-publish","format-standard","has-post-thumbnail","hentry","category-aktuelles","category-allgemeines-wissenswertes","tag-adhs","tag-autismus","tag-eeg-neurofeedback","tag-emotionale-regulation","tag-entwicklungsstoerungen","tag-hirnverletzung","tag-ifen","tag-lernstoerungen","tag-neurofeedback","tag-neuroplastizitaet","tag-qeeg","tag-selbstregulation"],"yoast_head":"<!-- This site is optimized with the Yoast SEO plugin v25.5 - https:\/\/yoast.com\/wordpress\/plugins\/seo\/ -->\n<title>Internationaler Tag der Menschen mit Behinderung - Neurofeedback als Weg zu besserer Selbstregulation und Teilhabe - IFEN Neurofeedback Blog<\/title>\n<meta name=\"description\" content=\"Discover how Neurofeedback can support individuals with developmental, learning, and physical disabilities by improving self-regulation and brain function. Scientifically grounded insights from IFEN and decades of clinical experience.\" \/>\n<meta name=\"robots\" content=\"index, follow, max-snippet:-1, max-image-preview:large, max-video-preview:-1\" \/>\n<link rel=\"canonical\" href=\"https:\/\/neurofeedback-ifen.com\/blog\/neurofeedback-und-behinderung-wie-neuroregulation-menschen-mit-entwicklungs-lern-und-koerperlichen-einschraenkungen-unterstuetzt\" \/>\n<meta property=\"og:locale\" content=\"de_DE\" \/>\n<meta property=\"og:type\" content=\"article\" \/>\n<meta property=\"og:title\" content=\"Internationaler Tag der Menschen mit Behinderung - Neurofeedback als Weg zu besserer Selbstregulation und Teilhabe - IFEN Neurofeedback Blog\" \/>\n<meta property=\"og:description\" content=\"Discover how Neurofeedback can support individuals with developmental, learning, and physical disabilities by improving self-regulation and brain function. Scientifically grounded insights from IFEN and decades of clinical experience.\" \/>\n<meta property=\"og:url\" content=\"https:\/\/neurofeedback-ifen.com\/blog\/neurofeedback-und-behinderung-wie-neuroregulation-menschen-mit-entwicklungs-lern-und-koerperlichen-einschraenkungen-unterstuetzt\" \/>\n<meta property=\"og:site_name\" content=\"IFEN Neurofeedback Blog\" \/>\n<meta property=\"article:publisher\" content=\"https:\/\/www.facebook.com\/Ifen.neurofeedback\/?ref=br_rs\" \/>\n<meta property=\"article:published_time\" content=\"2025-12-03T01:02:54+00:00\" \/>\n<meta property=\"og:image\" content=\"https:\/\/neurofeedback-ifen.com\/blog\/wp-content\/uploads\/2025\/11\/IFEN-blog-image-03dec2025.png\" \/>\n\t<meta property=\"og:image:width\" content=\"1536\" \/>\n\t<meta property=\"og:image:height\" content=\"1536\" \/>\n\t<meta property=\"og:image:type\" content=\"image\/png\" \/>\n<meta name=\"author\" content=\"Thomas Feiner\" \/>\n<meta name=\"twitter:card\" content=\"summary_large_image\" \/>\n<meta name=\"twitter:creator\" content=\"@Galbado\" \/>\n<meta name=\"twitter:site\" content=\"@Galbado\" \/>\n<meta name=\"twitter:label1\" content=\"Verfasst von\" \/>\n\t<meta name=\"twitter:data1\" content=\"Thomas Feiner\" \/>\n\t<meta name=\"twitter:label2\" content=\"Gesch\u00e4tzte Lesezeit\" \/>\n\t<meta name=\"twitter:data2\" content=\"3\u00a0Minuten\" \/>\n<script type=\"application\/ld+json\" class=\"yoast-schema-graph\">{\"@context\":\"https:\/\/schema.org\",\"@graph\":[{\"@type\":\"Article\",\"@id\":\"https:\/\/neurofeedback-ifen.com\/blog\/neurofeedback-und-behinderung-wie-neuroregulation-menschen-mit-entwicklungs-lern-und-koerperlichen-einschraenkungen-unterstuetzt#article\",\"isPartOf\":{\"@id\":\"https:\/\/neurofeedback-ifen.com\/blog\/neurofeedback-und-behinderung-wie-neuroregulation-menschen-mit-entwicklungs-lern-und-koerperlichen-einschraenkungen-unterstuetzt\"},\"author\":{\"name\":\"Thomas Feiner\",\"@id\":\"https:\/\/neurofeedback-ifen.com\/blog\/#\/schema\/person\/e3f7d75ae437d788dcf6e0df8fe5c461\"},\"headline\":\"Internationaler Tag der Menschen mit Behinderung &#8211; Neurofeedback als Weg zu besserer Selbstregulation und Teilhabe\",\"datePublished\":\"2025-12-03T01:02:54+00:00\",\"mainEntityOfPage\":{\"@id\":\"https:\/\/neurofeedback-ifen.com\/blog\/neurofeedback-und-behinderung-wie-neuroregulation-menschen-mit-entwicklungs-lern-und-koerperlichen-einschraenkungen-unterstuetzt\"},\"wordCount\":553,\"publisher\":{\"@id\":\"https:\/\/neurofeedback-ifen.com\/blog\/#organization\"},\"image\":{\"@id\":\"https:\/\/neurofeedback-ifen.com\/blog\/neurofeedback-und-behinderung-wie-neuroregulation-menschen-mit-entwicklungs-lern-und-koerperlichen-einschraenkungen-unterstuetzt#primaryimage\"},\"thumbnailUrl\":\"https:\/\/neurofeedback-ifen.com\/blog\/wp-content\/uploads\/2025\/11\/IFEN-blog-image-03dec2025.png\",\"keywords\":[\"ADHS\",\"Autismus\",\"EEG Neurofeedback\",\"Emotionale Regulation\",\"Entwicklungsst\u00f6rungen\",\"Hirnverletzung\",\"IFEN\",\"Lernst\u00f6rungen\",\"Neurofeedback\",\"Neuroplastizit\u00e4t\",\"qEEG\",\"Selbstregulation\"],\"articleSection\":[\"Aktuelles\",\"Allgemeines &amp; Wissenswertes\"],\"inLanguage\":\"de\"},{\"@type\":\"WebPage\",\"@id\":\"https:\/\/neurofeedback-ifen.com\/blog\/neurofeedback-und-behinderung-wie-neuroregulation-menschen-mit-entwicklungs-lern-und-koerperlichen-einschraenkungen-unterstuetzt\",\"url\":\"https:\/\/neurofeedback-ifen.com\/blog\/neurofeedback-und-behinderung-wie-neuroregulation-menschen-mit-entwicklungs-lern-und-koerperlichen-einschraenkungen-unterstuetzt\",\"name\":\"Internationaler Tag der Menschen mit Behinderung - Neurofeedback als Weg zu besserer Selbstregulation und Teilhabe - IFEN Neurofeedback Blog\",\"isPartOf\":{\"@id\":\"https:\/\/neurofeedback-ifen.com\/blog\/#website\"},\"primaryImageOfPage\":{\"@id\":\"https:\/\/neurofeedback-ifen.com\/blog\/neurofeedback-und-behinderung-wie-neuroregulation-menschen-mit-entwicklungs-lern-und-koerperlichen-einschraenkungen-unterstuetzt#primaryimage\"},\"image\":{\"@id\":\"https:\/\/neurofeedback-ifen.com\/blog\/neurofeedback-und-behinderung-wie-neuroregulation-menschen-mit-entwicklungs-lern-und-koerperlichen-einschraenkungen-unterstuetzt#primaryimage\"},\"thumbnailUrl\":\"https:\/\/neurofeedback-ifen.com\/blog\/wp-content\/uploads\/2025\/11\/IFEN-blog-image-03dec2025.png\",\"datePublished\":\"2025-12-03T01:02:54+00:00\",\"description\":\"Discover how Neurofeedback can support individuals with developmental, learning, and physical disabilities by improving self-regulation and brain function. Scientifically grounded insights from IFEN and decades of clinical experience.\",\"breadcrumb\":{\"@id\":\"https:\/\/neurofeedback-ifen.com\/blog\/neurofeedback-und-behinderung-wie-neuroregulation-menschen-mit-entwicklungs-lern-und-koerperlichen-einschraenkungen-unterstuetzt#breadcrumb\"},\"inLanguage\":\"de\",\"potentialAction\":[{\"@type\":\"ReadAction\",\"target\":[\"https:\/\/neurofeedback-ifen.com\/blog\/neurofeedback-und-behinderung-wie-neuroregulation-menschen-mit-entwicklungs-lern-und-koerperlichen-einschraenkungen-unterstuetzt\"]}]},{\"@type\":\"ImageObject\",\"inLanguage\":\"de\",\"@id\":\"https:\/\/neurofeedback-ifen.com\/blog\/neurofeedback-und-behinderung-wie-neuroregulation-menschen-mit-entwicklungs-lern-und-koerperlichen-einschraenkungen-unterstuetzt#primaryimage\",\"url\":\"https:\/\/neurofeedback-ifen.com\/blog\/wp-content\/uploads\/2025\/11\/IFEN-blog-image-03dec2025.png\",\"contentUrl\":\"https:\/\/neurofeedback-ifen.com\/blog\/wp-content\/uploads\/2025\/11\/IFEN-blog-image-03dec2025.png\",\"width\":1536,\"height\":1536},{\"@type\":\"BreadcrumbList\",\"@id\":\"https:\/\/neurofeedback-ifen.com\/blog\/neurofeedback-und-behinderung-wie-neuroregulation-menschen-mit-entwicklungs-lern-und-koerperlichen-einschraenkungen-unterstuetzt#breadcrumb\",\"itemListElement\":[{\"@type\":\"ListItem\",\"position\":1,\"name\":\"Home\",\"item\":\"https:\/\/neurofeedback-ifen.com\/blog\/\"},{\"@type\":\"ListItem\",\"position\":2,\"name\":\"Internationaler Tag der Menschen mit Behinderung &#8211; Neurofeedback als Weg zu besserer Selbstregulation und Teilhabe\"}]},{\"@type\":\"WebSite\",\"@id\":\"https:\/\/neurofeedback-ifen.com\/blog\/#website\",\"url\":\"https:\/\/neurofeedback-ifen.com\/blog\/\",\"name\":\"IFEN Neurofeedback Blog\",\"description\":\"Next Generation Neurofeedback\",\"publisher\":{\"@id\":\"https:\/\/neurofeedback-ifen.com\/blog\/#organization\"},\"potentialAction\":[{\"@type\":\"SearchAction\",\"target\":{\"@type\":\"EntryPoint\",\"urlTemplate\":\"https:\/\/neurofeedback-ifen.com\/blog\/?s={search_term_string}\"},\"query-input\":{\"@type\":\"PropertyValueSpecification\",\"valueRequired\":true,\"valueName\":\"search_term_string\"}}],\"inLanguage\":\"de\"},{\"@type\":\"Organization\",\"@id\":\"https:\/\/neurofeedback-ifen.com\/blog\/#organization\",\"name\":\"IFEN Neurofeedback Blog\",\"url\":\"https:\/\/neurofeedback-ifen.com\/blog\/\",\"logo\":{\"@type\":\"ImageObject\",\"inLanguage\":\"de\",\"@id\":\"https:\/\/neurofeedback-ifen.com\/blog\/#\/schema\/logo\/image\/\",\"url\":\"https:\/\/neurofeedback-ifen.com\/blog\/wp-content\/uploads\/2022\/04\/IFEN-Neuroscience-logo_weiss.png\",\"contentUrl\":\"https:\/\/neurofeedback-ifen.com\/blog\/wp-content\/uploads\/2022\/04\/IFEN-Neuroscience-logo_weiss.png\",\"width\":600,\"height\":253,\"caption\":\"IFEN Neurofeedback Blog\"},\"image\":{\"@id\":\"https:\/\/neurofeedback-ifen.com\/blog\/#\/schema\/logo\/image\/\"},\"sameAs\":[\"https:\/\/www.facebook.com\/Ifen.neurofeedback\/?ref=br_rs\",\"https:\/\/x.com\/Galbado\",\"https:\/\/de.linkedin.com\/in\/thomasfeinenfb\",\"https:\/\/www.youtube.com\/channel\/UCyvS9gDqcSXdesWbOS598SA\"]},{\"@type\":\"Person\",\"@id\":\"https:\/\/neurofeedback-ifen.com\/blog\/#\/schema\/person\/e3f7d75ae437d788dcf6e0df8fe5c461\",\"name\":\"Thomas Feiner\",\"image\":{\"@type\":\"ImageObject\",\"inLanguage\":\"de\",\"@id\":\"https:\/\/neurofeedback-ifen.com\/blog\/#\/schema\/person\/image\/\",\"url\":\"https:\/\/secure.gravatar.com\/avatar\/9e1324d6a2df9a8601f3cf9a1b98ac17681074565f4d837539d4160990f9e2b9?s=96&d=mm&r=g\",\"contentUrl\":\"https:\/\/secure.gravatar.com\/avatar\/9e1324d6a2df9a8601f3cf9a1b98ac17681074565f4d837539d4160990f9e2b9?s=96&d=mm&r=g\",\"caption\":\"Thomas Feiner\"},\"sameAs\":[\"http:\/\/www.neurofeedback-info.de\"],\"url\":\"https:\/\/neurofeedback-ifen.com\/blog\/author\/thomas-feiner\"}]}<\/script>\n<!-- \/ Yoast SEO plugin. -->","yoast_head_json":{"title":"Internationaler Tag der Menschen mit Behinderung - Neurofeedback als Weg zu besserer Selbstregulation und Teilhabe - IFEN Neurofeedback Blog","description":"Discover how Neurofeedback can support individuals with developmental, learning, and physical disabilities by improving self-regulation and brain function. Scientifically grounded insights from IFEN and decades of clinical experience.","robots":{"index":"index","follow":"follow","max-snippet":"max-snippet:-1","max-image-preview":"max-image-preview:large","max-video-preview":"max-video-preview:-1"},"canonical":"https:\/\/neurofeedback-ifen.com\/blog\/neurofeedback-und-behinderung-wie-neuroregulation-menschen-mit-entwicklungs-lern-und-koerperlichen-einschraenkungen-unterstuetzt","og_locale":"de_DE","og_type":"article","og_title":"Internationaler Tag der Menschen mit Behinderung - Neurofeedback als Weg zu besserer Selbstregulation und Teilhabe - IFEN Neurofeedback Blog","og_description":"Discover how Neurofeedback can support individuals with developmental, learning, and physical disabilities by improving self-regulation and brain function. Scientifically grounded insights from IFEN and decades of clinical experience.","og_url":"https:\/\/neurofeedback-ifen.com\/blog\/neurofeedback-und-behinderung-wie-neuroregulation-menschen-mit-entwicklungs-lern-und-koerperlichen-einschraenkungen-unterstuetzt","og_site_name":"IFEN Neurofeedback Blog","article_publisher":"https:\/\/www.facebook.com\/Ifen.neurofeedback\/?ref=br_rs","article_published_time":"2025-12-03T01:02:54+00:00","og_image":[{"width":1536,"height":1536,"url":"https:\/\/neurofeedback-ifen.com\/blog\/wp-content\/uploads\/2025\/11\/IFEN-blog-image-03dec2025.png","type":"image\/png"}],"author":"Thomas Feiner","twitter_card":"summary_large_image","twitter_creator":"@Galbado","twitter_site":"@Galbado","twitter_misc":{"Verfasst von":"Thomas Feiner","Gesch\u00e4tzte Lesezeit":"3\u00a0Minuten"},"schema":{"@context":"https:\/\/schema.org","@graph":[{"@type":"Article","@id":"https:\/\/neurofeedback-ifen.com\/blog\/neurofeedback-und-behinderung-wie-neuroregulation-menschen-mit-entwicklungs-lern-und-koerperlichen-einschraenkungen-unterstuetzt#article","isPartOf":{"@id":"https:\/\/neurofeedback-ifen.com\/blog\/neurofeedback-und-behinderung-wie-neuroregulation-menschen-mit-entwicklungs-lern-und-koerperlichen-einschraenkungen-unterstuetzt"},"author":{"name":"Thomas Feiner","@id":"https:\/\/neurofeedback-ifen.com\/blog\/#\/schema\/person\/e3f7d75ae437d788dcf6e0df8fe5c461"},"headline":"Internationaler Tag der Menschen mit Behinderung &#8211; Neurofeedback als Weg zu besserer Selbstregulation und Teilhabe","datePublished":"2025-12-03T01:02:54+00:00","mainEntityOfPage":{"@id":"https:\/\/neurofeedback-ifen.com\/blog\/neurofeedback-und-behinderung-wie-neuroregulation-menschen-mit-entwicklungs-lern-und-koerperlichen-einschraenkungen-unterstuetzt"},"wordCount":553,"publisher":{"@id":"https:\/\/neurofeedback-ifen.com\/blog\/#organization"},"image":{"@id":"https:\/\/neurofeedback-ifen.com\/blog\/neurofeedback-und-behinderung-wie-neuroregulation-menschen-mit-entwicklungs-lern-und-koerperlichen-einschraenkungen-unterstuetzt#primaryimage"},"thumbnailUrl":"https:\/\/neurofeedback-ifen.com\/blog\/wp-content\/uploads\/2025\/11\/IFEN-blog-image-03dec2025.png","keywords":["ADHS","Autismus","EEG Neurofeedback","Emotionale Regulation","Entwicklungsst\u00f6rungen","Hirnverletzung","IFEN","Lernst\u00f6rungen","Neurofeedback","Neuroplastizit\u00e4t","qEEG","Selbstregulation"],"articleSection":["Aktuelles","Allgemeines &amp; Wissenswertes"],"inLanguage":"de"},{"@type":"WebPage","@id":"https:\/\/neurofeedback-ifen.com\/blog\/neurofeedback-und-behinderung-wie-neuroregulation-menschen-mit-entwicklungs-lern-und-koerperlichen-einschraenkungen-unterstuetzt","url":"https:\/\/neurofeedback-ifen.com\/blog\/neurofeedback-und-behinderung-wie-neuroregulation-menschen-mit-entwicklungs-lern-und-koerperlichen-einschraenkungen-unterstuetzt","name":"Internationaler Tag der Menschen mit Behinderung - Neurofeedback als Weg zu besserer Selbstregulation und Teilhabe - IFEN Neurofeedback Blog","isPartOf":{"@id":"https:\/\/neurofeedback-ifen.com\/blog\/#website"},"primaryImageOfPage":{"@id":"https:\/\/neurofeedback-ifen.com\/blog\/neurofeedback-und-behinderung-wie-neuroregulation-menschen-mit-entwicklungs-lern-und-koerperlichen-einschraenkungen-unterstuetzt#primaryimage"},"image":{"@id":"https:\/\/neurofeedback-ifen.com\/blog\/neurofeedback-und-behinderung-wie-neuroregulation-menschen-mit-entwicklungs-lern-und-koerperlichen-einschraenkungen-unterstuetzt#primaryimage"},"thumbnailUrl":"https:\/\/neurofeedback-ifen.com\/blog\/wp-content\/uploads\/2025\/11\/IFEN-blog-image-03dec2025.png","datePublished":"2025-12-03T01:02:54+00:00","description":"Discover how Neurofeedback can support individuals with developmental, learning, and physical disabilities by improving self-regulation and brain function. Scientifically grounded insights from IFEN and decades of clinical experience.","breadcrumb":{"@id":"https:\/\/neurofeedback-ifen.com\/blog\/neurofeedback-und-behinderung-wie-neuroregulation-menschen-mit-entwicklungs-lern-und-koerperlichen-einschraenkungen-unterstuetzt#breadcrumb"},"inLanguage":"de","potentialAction":[{"@type":"ReadAction","target":["https:\/\/neurofeedback-ifen.com\/blog\/neurofeedback-und-behinderung-wie-neuroregulation-menschen-mit-entwicklungs-lern-und-koerperlichen-einschraenkungen-unterstuetzt"]}]},{"@type":"ImageObject","inLanguage":"de","@id":"https:\/\/neurofeedback-ifen.com\/blog\/neurofeedback-und-behinderung-wie-neuroregulation-menschen-mit-entwicklungs-lern-und-koerperlichen-einschraenkungen-unterstuetzt#primaryimage","url":"https:\/\/neurofeedback-ifen.com\/blog\/wp-content\/uploads\/2025\/11\/IFEN-blog-image-03dec2025.png","contentUrl":"https:\/\/neurofeedback-ifen.com\/blog\/wp-content\/uploads\/2025\/11\/IFEN-blog-image-03dec2025.png","width":1536,"height":1536},{"@type":"BreadcrumbList","@id":"https:\/\/neurofeedback-ifen.com\/blog\/neurofeedback-und-behinderung-wie-neuroregulation-menschen-mit-entwicklungs-lern-und-koerperlichen-einschraenkungen-unterstuetzt#breadcrumb","itemListElement":[{"@type":"ListItem","position":1,"name":"Home","item":"https:\/\/neurofeedback-ifen.com\/blog\/"},{"@type":"ListItem","position":2,"name":"Internationaler Tag der Menschen mit Behinderung &#8211; Neurofeedback als Weg zu besserer Selbstregulation und Teilhabe"}]},{"@type":"WebSite","@id":"https:\/\/neurofeedback-ifen.com\/blog\/#website","url":"https:\/\/neurofeedback-ifen.com\/blog\/","name":"IFEN Neurofeedback Blog","description":"Next Generation Neurofeedback","publisher":{"@id":"https:\/\/neurofeedback-ifen.com\/blog\/#organization"},"potentialAction":[{"@type":"SearchAction","target":{"@type":"EntryPoint","urlTemplate":"https:\/\/neurofeedback-ifen.com\/blog\/?s={search_term_string}"},"query-input":{"@type":"PropertyValueSpecification","valueRequired":true,"valueName":"search_term_string"}}],"inLanguage":"de"},{"@type":"Organization","@id":"https:\/\/neurofeedback-ifen.com\/blog\/#organization","name":"IFEN Neurofeedback Blog","url":"https:\/\/neurofeedback-ifen.com\/blog\/","logo":{"@type":"ImageObject","inLanguage":"de","@id":"https:\/\/neurofeedback-ifen.com\/blog\/#\/schema\/logo\/image\/","url":"https:\/\/neurofeedback-ifen.com\/blog\/wp-content\/uploads\/2022\/04\/IFEN-Neuroscience-logo_weiss.png","contentUrl":"https:\/\/neurofeedback-ifen.com\/blog\/wp-content\/uploads\/2022\/04\/IFEN-Neuroscience-logo_weiss.png","width":600,"height":253,"caption":"IFEN Neurofeedback Blog"},"image":{"@id":"https:\/\/neurofeedback-ifen.com\/blog\/#\/schema\/logo\/image\/"},"sameAs":["https:\/\/www.facebook.com\/Ifen.neurofeedback\/?ref=br_rs","https:\/\/x.com\/Galbado","https:\/\/de.linkedin.com\/in\/thomasfeinenfb","https:\/\/www.youtube.com\/channel\/UCyvS9gDqcSXdesWbOS598SA"]},{"@type":"Person","@id":"https:\/\/neurofeedback-ifen.com\/blog\/#\/schema\/person\/e3f7d75ae437d788dcf6e0df8fe5c461","name":"Thomas Feiner","image":{"@type":"ImageObject","inLanguage":"de","@id":"https:\/\/neurofeedback-ifen.com\/blog\/#\/schema\/person\/image\/","url":"https:\/\/secure.gravatar.com\/avatar\/9e1324d6a2df9a8601f3cf9a1b98ac17681074565f4d837539d4160990f9e2b9?s=96&d=mm&r=g","contentUrl":"https:\/\/secure.gravatar.com\/avatar\/9e1324d6a2df9a8601f3cf9a1b98ac17681074565f4d837539d4160990f9e2b9?s=96&d=mm&r=g","caption":"Thomas Feiner"},"sameAs":["http:\/\/www.neurofeedback-info.de"],"url":"https:\/\/neurofeedback-ifen.com\/blog\/author\/thomas-feiner"}]}},"_links":{"self":[{"href":"https:\/\/neurofeedback-ifen.com\/blog\/wp-json\/wp\/v2\/posts\/2130","targetHints":{"allow":["GET"]}}],"collection":[{"href":"https:\/\/neurofeedback-ifen.com\/blog\/wp-json\/wp\/v2\/posts"}],"about":[{"href":"https:\/\/neurofeedback-ifen.com\/blog\/wp-json\/wp\/v2\/types\/post"}],"author":[{"embeddable":true,"href":"https:\/\/neurofeedback-ifen.com\/blog\/wp-json\/wp\/v2\/users\/4"}],"replies":[{"embeddable":true,"href":"https:\/\/neurofeedback-ifen.com\/blog\/wp-json\/wp\/v2\/comments?post=2130"}],"version-history":[{"count":1,"href":"https:\/\/neurofeedback-ifen.com\/blog\/wp-json\/wp\/v2\/posts\/2130\/revisions"}],"predecessor-version":[{"id":2131,"href":"https:\/\/neurofeedback-ifen.com\/blog\/wp-json\/wp\/v2\/posts\/2130\/revisions\/2131"}],"wp:featuredmedia":[{"embeddable":true,"href":"https:\/\/neurofeedback-ifen.com\/blog\/wp-json\/wp\/v2\/media\/2132"}],"wp:attachment":[{"href":"https:\/\/neurofeedback-ifen.com\/blog\/wp-json\/wp\/v2\/media?parent=2130"}],"wp:term":[{"taxonomy":"category","embeddable":true,"href":"https:\/\/neurofeedback-ifen.com\/blog\/wp-json\/wp\/v2\/categories?post=2130"},{"taxonomy":"post_tag","embeddable":true,"href":"https:\/\/neurofeedback-ifen.com\/blog\/wp-json\/wp\/v2\/tags?post=2130"}],"curies":[{"name":"wp","href":"https:\/\/api.w.org\/{rel}","templated":true}]}}